{"id":5258,"date":"2021-12-21T15:37:42","date_gmt":"2021-12-21T20:37:42","guid":{"rendered":"https:\/\/fondationlatraversee.com\/marche-de-noel-2021\/"},"modified":"2021-12-23T08:39:10","modified_gmt":"2021-12-23T13:39:10","slug":"christmas-market-2021","status":"publish","type":"post","link":"https:\/\/fondationlatraversee.com\/en\/christmas-market-2021\/","title":{"rendered":"Christmas Market 2021"},"content":{"rendered":"\t\t<div data-elementor-type=\"wp-post\" data-elementor-id=\"5258\" class=\"elementor elementor-5258 elementor-5142\" data-elementor-post-type=\"post\">\n\t\t\t\t\t\t<section class=\"elementor-section elementor-top-section elementor-element elementor-element-0d37bcf elementor-section-boxed elementor-section-height-default elementor-section-height-default\" data-id=\"0d37bcf\" data-element_type=\"section\">\n\t\t\t\t\t\t<div class=\"elementor-container elementor-column-gap-default\">\n\t\t\t\t\t<div class=\"elementor-column elementor-col-100 elementor-top-column elementor-element elementor-element-18ef463\" data-id=\"18ef463\" data-element_type=\"column\">\n\t\t\t<div class=\"elementor-widget-wrap elementor-element-populated\">\n\t\t\t\t\t\t<div class=\"elementor-element elementor-element-af3fa57 elementor-widget elementor-widget-text-editor\" data-id=\"af3fa57\" data-element_type=\"widget\" data-widget_type=\"text-editor.default\">\n\t\t\t\t<div class=\"elementor-widget-container\">\n\t\t\t\t\t\t\t\t\t<p>We are very pleased to present the results of our second poinsettia and tree sale, as well as our first Christmas Market held on the 3rd, 4th and 5th of December 2021.<\/p><p>It is with a heart full of joy and gratitude that we announce that this weekend&#8217;s sales brought in a total amount of <strong><span style=\"text-decoration: underline;\">$62,048.90<\/span><\/strong> for La Foundation La Travers\u00e9e!<\/p><p>This wonderful result would not have been possible without the help of many sponsors, artisans and volunteers.<\/p><p>We would like to thank each and every one of them and we invite you to encourage the businesses and organizations that support our mission and respond when we need them.<\/p><p>Please note that this list is random and in no particular order.<\/p>\t\t\t\t\t\t\t\t<\/div>\n\t\t\t\t<\/div>\n\t\t\t\t<section class=\"elementor-section elementor-inner-section elementor-element elementor-element-0a17436 elementor-section-boxed elementor-section-height-default elementor-section-height-default\" data-id=\"0a17436\" data-element_type=\"section\">\n\t\t\t\t\t\t<div class=\"elementor-container elementor-column-gap-default\">\n\t\t\t\t\t<div class=\"elementor-column elementor-col-50 elementor-inner-column elementor-element elementor-element-d4267bc\" data-id=\"d4267bc\" data-element_type=\"column\">\n\t\t\t<div class=\"elementor-widget-wrap elementor-element-populated\">\n\t\t\t\t\t\t<div class=\"elementor-element elementor-element-c751dc9 elementor-widget elementor-widget-text-editor\" data-id=\"c751dc9\" data-element_type=\"widget\" data-widget_type=\"text-editor.default\">\n\t\t\t\t<div class=\"elementor-widget-container\">\n\t\t\t\t\t\t\t\t\t<ul><li><a href=\"https:\/\/www.flocanada.ca\/copie-de-flo\" target=\"_blank\" rel=\"noopener\">FLO<\/a><\/li><li><a href=\"https:\/\/gagnonlgq.com\/en\" target=\"_blank\" rel=\"noopener\">Gagnon &#8211; La Grande Quincaillerie<\/a><\/li><li><a href=\"https:\/\/blastforce.com\/en\/\" target=\"_blank\" rel=\"noopener\">Blastforce<\/a><\/li><li><a href=\"http:\/\/ev.inmedias.ca\/\" target=\"_blank\" rel=\"noopener\">In M\u00e9dias<\/a><\/li><li><a href=\"http:\/\/www.outilstremblant.com\/\" target=\"_blank\" rel=\"noopener\">Outils Tremblant<\/a><\/li><li><a href=\"https:\/\/www.facebook.com\/MaisonLaTraversee\/\" target=\"_blank\" rel=\"noopener\">Chef Tyson Daoust<\/a><\/li><li><a href=\"https:\/\/boucherietremblant.ca\/en\/\" target=\"_blank\" rel=\"noopener\">Les Mercenaires Culinaires<\/a><\/li><li><a href=\"https:\/\/www.vitroplus.com\/en\" target=\"_blank\" rel=\"noopener\">VitroPlus<\/a>\/<a href=\"https:\/\/www.ziebart.com\/\" target=\"_blank\" rel=\"noopener\">Ziebart<\/a><\/li><li><a href=\"https:\/\/www.facebook.com\/CafeoTremblant\/\" target=\"_blank\" rel=\"noopener\">Le Caf\u00e9o<\/a><\/li><li><a href=\"https:\/\/lecafetierplus.com\/\" target=\"_blank\" rel=\"noopener\">Le Cafetier Plus<\/a><\/li><li><a href=\"https:\/\/www.villedemont-tremblant.qc.ca\/en\" target=\"_blank\" rel=\"noopener\">Ville de Mont-Tremblant<\/a><\/li><li><a href=\"https:\/\/www.scarlettbaraongles.com\/collections\/scarlett\/chandelle\" target=\"_blank\" rel=\"noopener\">Chandelles Scarlett<\/a><\/li><li><a href=\"https:\/\/www.birrafanelli.com\/\" target=\"_blank\" rel=\"noopener\">Les Bi\u00e8res Fanelli<\/a><\/li><li><a href=\"https:\/\/www.titefrette.ca\/\" target=\"_blank\" rel=\"noopener\">Tite Frette Mont-Tremblant<\/a><\/li><li><a href=\"http:\/\/artographe.qc.ca\/\" target=\"_blank\" rel=\"noopener\">Artographe<\/a><\/li><\/ul>\t\t\t\t\t\t\t\t<\/div>\n\t\t\t\t<\/div>\n\t\t\t\t\t<\/div>\n\t\t<\/div>\n\t\t\t\t<div class=\"elementor-column elementor-col-50 elementor-inner-column elementor-element elementor-element-c0085e3\" data-id=\"c0085e3\" data-element_type=\"column\">\n\t\t\t<div class=\"elementor-widget-wrap elementor-element-populated\">\n\t\t\t\t\t\t<div class=\"elementor-element elementor-element-96b3a2c elementor-widget elementor-widget-text-editor\" data-id=\"96b3a2c\" data-element_type=\"widget\" data-widget_type=\"text-editor.default\">\n\t\t\t\t<div class=\"elementor-widget-container\">\n\t\t\t\t\t\t\t\t\t<ul><li><a href=\"https:\/\/www.iga.net\/en\" target=\"_blank\" rel=\"noopener\">IGA<\/a><\/li><li>Le Cheptel d\u2019Or<\/li><li><a href=\"https:\/\/symposiumdepeinture.com\/bernard-alain\/\" target=\"_blank\" rel=\"noopener\">Alain Bernard Peintre<\/a><\/li><li><a href=\"https:\/\/www.facebook.com\/jean.marie.savard.photographe\" target=\"_blank\" rel=\"noopener\">Jean-Marie Savard, photographe<\/a><\/li><li><a href=\"https:\/\/www.facebook.com\/media\/set\/?set=a.10161963814840277&amp;type=3\" target=\"_blank\" rel=\"noopener\">Andr\u00e9 Chevrier, photographe<\/a><\/li><li><a href=\"https:\/\/www.facebook.com\/melissab.photographie5\/\" target=\"_blank\" rel=\"noopener\">M\u00e9lissa Beaudoin, photographe<\/a><\/li><li><a href=\"https:\/\/patricknicolphotographe.shootproof.com\/\" target=\"_blank\" rel=\"noopener\">Patrick Nicol, photographe<\/a><\/li><li><a href=\"https:\/\/www.facebook.com\/pages\/category\/Photographer\/Isabelle-Marchand-photographe-1528704234016143\/\" target=\"_blank\" rel=\"noopener\">Isabelle Marchand, photographe<\/a><\/li><li><a href=\"https:\/\/www.facebook.com\/jean.ladouceur\" target=\"_blank\" rel=\"noopener\">Jean Ladouceur, photographe<\/a><\/li><li><a href=\"https:\/\/infodunordtremblant.ca\/art-de-vivre\/societe\/2020\/09\/11\/des-bas-a-la-memoire-de-son-amie\/\" target=\"_blank\" rel=\"noopener\">Les bas EMG<\/a><\/li><li><a href=\"https:\/\/www.facebook.com\/petitsplaisirsetbabioles\/\" target=\"_blank\" rel=\"noopener\">Petits Plaisirs et Babioles par Christine-Carole Verdon<\/a><\/li><li><a href=\"https:\/\/www.facebook.com\/creationsdanielleh\/\" target=\"_blank\" rel=\"noopener\">Les Cr\u00e9ations Danielle H.<\/a><\/li><li><a href=\"https:\/\/rotarytremblant.com\/?lang=en\" target=\"_blank\" rel=\"noopener\">La Guignol\u00e9e du Club Rotary<\/a><\/li><li>Notre P\u00e8re No\u00ebl (Le vrai) : M. Pierre Plouffe<\/li><li>Tous les b\u00e9n\u00e9voles qui ont offert certaines de leurs cr\u00e9ations pour \u00eatre mises en vente.<\/li><\/ul>\t\t\t\t\t\t\t\t<\/div>\n\t\t\t\t<\/div>\n\t\t\t\t\t<\/div>\n\t\t<\/div>\n\t\t\t\t\t<\/div>\n\t\t<\/section>\n\t\t\t\t<div class=\"elementor-element elementor-element-39b5f29 elementor-widget elementor-widget-text-editor\" data-id=\"39b5f29\" data-element_type=\"widget\" data-widget_type=\"text-editor.default\">\n\t\t\t\t<div class=\"elementor-widget-container\">\n\t\t\t\t\t\t\t\t\t<p>A sincere thank you to all our volunteers who braved the polar cold that invaded us during the weekend. You were generous with your time and your involvement before and during the Market was a success factor for the Foundation.<\/p><p>Thank you to all of you who, through your purchases, helped make this event a huge success! The funds raised will be used to continue to provide care, comfort and well-being to our residents at the end of their lives as well as support to their families.<\/p><p>We are very grateful to you and we hope to see you next year for a third edition!<\/p>\t\t\t\t\t\t\t\t<\/div>\n\t\t\t\t<\/div>\n\t\t\t\t\t<\/div>\n\t\t<\/div>\n\t\t\t\t\t<\/div>\n\t\t<\/section>\n\t\t\t\t<section class=\"elementor-section elementor-top-section elementor-element elementor-element-267b4ed elementor-section-boxed elementor-section-height-default elementor-section-height-default\" data-id=\"267b4ed\" data-element_type=\"section\">\n\t\t\t\t\t\t<div class=\"elementor-container elementor-column-gap-default\">\n\t\t\t\t\t<div class=\"elementor-column elementor-col-100 elementor-top-column elementor-element elementor-element-8825382\" data-id=\"8825382\" data-element_type=\"column\">\n\t\t\t<div class=\"elementor-widget-wrap elementor-element-populated\">\n\t\t\t\t\t\t<div class=\"elementor-element elementor-element-37af1b3 elementor-widget elementor-widget-gallery\" data-id=\"37af1b3\" data-element_type=\"widget\" data-settings=\"{&quot;columns&quot;:3,&quot;lazyload&quot;:&quot;yes&quot;,&quot;gallery_layout&quot;:&quot;grid&quot;,&quot;columns_tablet&quot;:2,&quot;columns_mobile&quot;:1,&quot;gap&quot;:{&quot;unit&quot;:&quot;px&quot;,&quot;size&quot;:10,&quot;sizes&quot;:[]},&quot;gap_tablet&quot;:{&quot;unit&quot;:&quot;px&quot;,&quot;size&quot;:10,&quot;sizes&quot;:[]},&quot;gap_mobile&quot;:{&quot;unit&quot;:&quot;px&quot;,&quot;size&quot;:10,&quot;sizes&quot;:[]},&quot;link_to&quot;:&quot;file&quot;,&quot;aspect_ratio&quot;:&quot;3:2&quot;,&quot;overlay_background&quot;:&quot;yes&quot;,&quot;content_hover_animation&quot;:&quot;fade-in&quot;}\" data-widget_type=\"gallery.default\">\n\t\t\t\t<div class=\"elementor-widget-container\">\n\t\t\t\t\t\t\t<div class=\"elementor-gallery__container\">\n\t\t\t\t\t\t\t<a class=\"e-gallery-item elementor-gallery-item elementor-animated-content\" href=\"https:\/\/fondationlatraversee.com\/wp-content\/uploads\/2021\/12\/marche-de-noel-2021-1-scaled.jpg\" rel=\"PrettyPhoto[5258]\" data-elementor-open-lightbox=\"yes\" data-elementor-lightbox-slideshow=\"37af1b3\" data-elementor-lightbox-title=\"marche de noel 2021 1\" data-e-action-hash=\"#elementor-action%3Aaction%3Dlightbox%26settings%3DeyJpZCI6NTIyNCwidXJsIjoiaHR0cHM6XC9cL2ZvbmRhdGlvbmxhdHJhdmVyc2VlLmNvbVwvd3AtY29udGVudFwvdXBsb2Fkc1wvMjAyMVwvMTJcL21hcmNoZS1kZS1ub2VsLTIwMjEtMS1zY2FsZWQuanBnIiwic2xpZGVzaG93IjoiMzdhZjFiMyJ9\">\n\t\t\t\t\t<div class=\"e-gallery-image elementor-gallery-item__image\" data-thumbnail=\"https:\/\/fondationlatraversee.com\/wp-content\/uploads\/2021\/12\/marche-de-noel-2021-1-300x146.jpg\" data-width=\"300\" data-height=\"146\" aria-label=\"March\u00e9 de No\u00ebl 2021 - 1\" role=\"img\" ><\/div>\n\t\t\t\t\t\t\t\t\t\t\t<div class=\"elementor-gallery-item__overlay\"><\/div>\n\t\t\t\t\t\t\t\t\t\t\t\t\t\t<\/a>\n\t\t\t\t\t\t\t<a class=\"e-gallery-item elementor-gallery-item elementor-animated-content\" href=\"https:\/\/fondationlatraversee.com\/wp-content\/uploads\/2021\/12\/marche-de-noel-2021-7-rotated.jpg\" rel=\"PrettyPhoto[5258]\" data-elementor-open-lightbox=\"yes\" data-elementor-lightbox-slideshow=\"37af1b3\" data-elementor-lightbox-title=\"marche de noel 2021 7\" data-e-action-hash=\"#elementor-action%3Aaction%3Dlightbox%26settings%3DeyJpZCI6NTIzNiwidXJsIjoiaHR0cHM6XC9cL2ZvbmRhdGlvbmxhdHJhdmVyc2VlLmNvbVwvd3AtY29udGVudFwvdXBsb2Fkc1wvMjAyMVwvMTJcL21hcmNoZS1kZS1ub2VsLTIwMjEtNy1yb3RhdGVkLmpwZyIsInNsaWRlc2hvdyI6IjM3YWYxYjMifQ%3D%3D\">\n\t\t\t\t\t<div class=\"e-gallery-image elementor-gallery-item__image\" data-thumbnail=\"https:\/\/fondationlatraversee.com\/wp-content\/uploads\/2021\/12\/marche-de-noel-2021-7-225x300.jpg\" data-width=\"225\" data-height=\"300\" aria-label=\"March\u00e9 de No\u00ebl 2021 - 7\" role=\"img\" ><\/div>\n\t\t\t\t\t\t\t\t\t\t\t<div class=\"elementor-gallery-item__overlay\"><\/div>\n\t\t\t\t\t\t\t\t\t\t\t\t\t\t<\/a>\n\t\t\t\t\t\t\t<a class=\"e-gallery-item elementor-gallery-item elementor-animated-content\" href=\"https:\/\/fondationlatraversee.com\/wp-content\/uploads\/2021\/12\/marche-de-noel-2021-3-scaled.jpg\" rel=\"PrettyPhoto[5258]\" data-elementor-open-lightbox=\"yes\" data-elementor-lightbox-slideshow=\"37af1b3\" data-elementor-lightbox-title=\"marche de noel 2021 3\" data-e-action-hash=\"#elementor-action%3Aaction%3Dlightbox%26settings%3DeyJpZCI6NTIyOCwidXJsIjoiaHR0cHM6XC9cL2ZvbmRhdGlvbmxhdHJhdmVyc2VlLmNvbVwvd3AtY29udGVudFwvdXBsb2Fkc1wvMjAyMVwvMTJcL21hcmNoZS1kZS1ub2VsLTIwMjEtMy1zY2FsZWQuanBnIiwic2xpZGVzaG93IjoiMzdhZjFiMyJ9\">\n\t\t\t\t\t<div class=\"e-gallery-image elementor-gallery-item__image\" data-thumbnail=\"https:\/\/fondationlatraversee.com\/wp-content\/uploads\/2021\/12\/marche-de-noel-2021-3-300x146.jpg\" data-width=\"300\" data-height=\"146\" aria-label=\"March\u00e9 de No\u00ebl 2021 -3\" role=\"img\" ><\/div>\n\t\t\t\t\t\t\t\t\t\t\t<div class=\"elementor-gallery-item__overlay\"><\/div>\n\t\t\t\t\t\t\t\t\t\t\t\t\t\t<\/a>\n\t\t\t\t\t\t\t<a class=\"e-gallery-item elementor-gallery-item elementor-animated-content\" href=\"https:\/\/fondationlatraversee.com\/wp-content\/uploads\/2021\/12\/marche-de-noel-2021-5-scaled.jpg\" rel=\"PrettyPhoto[5258]\" data-elementor-open-lightbox=\"yes\" data-elementor-lightbox-slideshow=\"37af1b3\" data-elementor-lightbox-title=\"marche de noel 2021 5\" data-e-action-hash=\"#elementor-action%3Aaction%3Dlightbox%26settings%3DeyJpZCI6NTIzMiwidXJsIjoiaHR0cHM6XC9cL2ZvbmRhdGlvbmxhdHJhdmVyc2VlLmNvbVwvd3AtY29udGVudFwvdXBsb2Fkc1wvMjAyMVwvMTJcL21hcmNoZS1kZS1ub2VsLTIwMjEtNS1zY2FsZWQuanBnIiwic2xpZGVzaG93IjoiMzdhZjFiMyJ9\">\n\t\t\t\t\t<div class=\"e-gallery-image elementor-gallery-item__image\" data-thumbnail=\"https:\/\/fondationlatraversee.com\/wp-content\/uploads\/2021\/12\/marche-de-noel-2021-5-300x146.jpg\" data-width=\"300\" data-height=\"146\" aria-label=\"\" role=\"img\" ><\/div>\n\t\t\t\t\t\t\t\t\t\t\t<div class=\"elementor-gallery-item__overlay\"><\/div>\n\t\t\t\t\t\t\t\t\t\t\t\t\t\t<\/a>\n\t\t\t\t\t\t\t<a class=\"e-gallery-item elementor-gallery-item elementor-animated-content\" href=\"https:\/\/fondationlatraversee.com\/wp-content\/uploads\/2021\/12\/marche-de-noel-2021-6-scaled.jpg\" rel=\"PrettyPhoto[5258]\" data-elementor-open-lightbox=\"yes\" data-elementor-lightbox-slideshow=\"37af1b3\" data-elementor-lightbox-title=\"marche de noel 2021 6\" data-e-action-hash=\"#elementor-action%3Aaction%3Dlightbox%26settings%3DeyJpZCI6NTIzNCwidXJsIjoiaHR0cHM6XC9cL2ZvbmRhdGlvbmxhdHJhdmVyc2VlLmNvbVwvd3AtY29udGVudFwvdXBsb2Fkc1wvMjAyMVwvMTJcL21hcmNoZS1kZS1ub2VsLTIwMjEtNi1zY2FsZWQuanBnIiwic2xpZGVzaG93IjoiMzdhZjFiMyJ9\">\n\t\t\t\t\t<div class=\"e-gallery-image elementor-gallery-item__image\" data-thumbnail=\"https:\/\/fondationlatraversee.com\/wp-content\/uploads\/2021\/12\/marche-de-noel-2021-6-300x146.jpg\" data-width=\"300\" data-height=\"146\" aria-label=\"March\u00e9 de No\u00ebl 2021 - 6\" role=\"img\" ><\/div>\n\t\t\t\t\t\t\t\t\t\t\t<div class=\"elementor-gallery-item__overlay\"><\/div>\n\t\t\t\t\t\t\t\t\t\t\t\t\t\t<\/a>\n\t\t\t\t\t\t\t<a class=\"e-gallery-item elementor-gallery-item elementor-animated-content\" href=\"https:\/\/fondationlatraversee.com\/wp-content\/uploads\/2021\/12\/marche-de-noel-2021-8-scaled.jpg\" rel=\"PrettyPhoto[5258]\" data-elementor-open-lightbox=\"yes\" data-elementor-lightbox-slideshow=\"37af1b3\" data-e-action-hash=\"#elementor-action%3Aaction%3Dlightbox%26settings%3DeyJpZCI6NTI0MiwidXJsIjoiaHR0cHM6XC9cL2ZvbmRhdGlvbmxhdHJhdmVyc2VlLmNvbVwvd3AtY29udGVudFwvdXBsb2Fkc1wvMjAyMVwvMTJcL21hcmNoZS1kZS1ub2VsLTIwMjEtOC1zY2FsZWQuanBnIiwic2xpZGVzaG93IjoiMzdhZjFiMyJ9\">\n\t\t\t\t\t<div class=\"e-gallery-image elementor-gallery-item__image\" data-thumbnail=\"https:\/\/fondationlatraversee.com\/wp-content\/uploads\/2021\/12\/marche-de-noel-2021-8-300x200.jpg\" data-width=\"300\" data-height=\"200\" aria-label=\"March\u00e9 de No\u00ebl 2021 - 8\" role=\"img\" ><\/div>\n\t\t\t\t\t\t\t\t\t\t\t<div class=\"elementor-gallery-item__overlay\"><\/div>\n\t\t\t\t\t\t\t\t\t\t\t\t\t\t<\/a>\n\t\t\t\t\t\t\t<a class=\"e-gallery-item elementor-gallery-item elementor-animated-content\" href=\"https:\/\/fondationlatraversee.com\/wp-content\/uploads\/2021\/12\/marche-de-noel-2021-9-scaled.jpg\" rel=\"PrettyPhoto[5258]\" data-elementor-open-lightbox=\"yes\" data-elementor-lightbox-slideshow=\"37af1b3\" data-elementor-lightbox-title=\"marche de noel 2021 9\" data-e-action-hash=\"#elementor-action%3Aaction%3Dlightbox%26settings%3DeyJpZCI6NTI0NCwidXJsIjoiaHR0cHM6XC9cL2ZvbmRhdGlvbmxhdHJhdmVyc2VlLmNvbVwvd3AtY29udGVudFwvdXBsb2Fkc1wvMjAyMVwvMTJcL21hcmNoZS1kZS1ub2VsLTIwMjEtOS1zY2FsZWQuanBnIiwic2xpZGVzaG93IjoiMzdhZjFiMyJ9\">\n\t\t\t\t\t<div class=\"e-gallery-image elementor-gallery-item__image\" data-thumbnail=\"https:\/\/fondationlatraversee.com\/wp-content\/uploads\/2021\/12\/marche-de-noel-2021-9-300x146.jpg\" data-width=\"300\" data-height=\"146\" aria-label=\"March\u00e9 de No\u00ebl 2021 - 9\" role=\"img\" ><\/div>\n\t\t\t\t\t\t\t\t\t\t\t<div class=\"elementor-gallery-item__overlay\"><\/div>\n\t\t\t\t\t\t\t\t\t\t\t\t\t\t<\/a>\n\t\t\t\t\t\t\t<a class=\"e-gallery-item elementor-gallery-item elementor-animated-content\" href=\"https:\/\/fondationlatraversee.com\/wp-content\/uploads\/2021\/12\/marche-de-noel-2021-10-scaled.jpg\" rel=\"PrettyPhoto[5258]\" data-elementor-open-lightbox=\"yes\" data-elementor-lightbox-slideshow=\"37af1b3\" data-e-action-hash=\"#elementor-action%3Aaction%3Dlightbox%26settings%3DeyJpZCI6NTI0NiwidXJsIjoiaHR0cHM6XC9cL2ZvbmRhdGlvbmxhdHJhdmVyc2VlLmNvbVwvd3AtY29udGVudFwvdXBsb2Fkc1wvMjAyMVwvMTJcL21hcmNoZS1kZS1ub2VsLTIwMjEtMTAtc2NhbGVkLmpwZyIsInNsaWRlc2hvdyI6IjM3YWYxYjMifQ%3D%3D\">\n\t\t\t\t\t<div class=\"e-gallery-image elementor-gallery-item__image\" data-thumbnail=\"https:\/\/fondationlatraversee.com\/wp-content\/uploads\/2021\/12\/marche-de-noel-2021-10-300x190.jpg\" data-width=\"300\" data-height=\"190\" aria-label=\"March\u00e9 de No\u00ebl 2021 - 10\" role=\"img\" ><\/div>\n\t\t\t\t\t\t\t\t\t\t\t<div class=\"elementor-gallery-item__overlay\"><\/div>\n\t\t\t\t\t\t\t\t\t\t\t\t\t\t<\/a>\n\t\t\t\t\t\t\t<a class=\"e-gallery-item elementor-gallery-item elementor-animated-content\" href=\"https:\/\/fondationlatraversee.com\/wp-content\/uploads\/2021\/12\/marche-de-noel-2021-12-scaled.jpg\" rel=\"PrettyPhoto[5258]\" data-elementor-open-lightbox=\"yes\" data-elementor-lightbox-slideshow=\"37af1b3\" data-elementor-lightbox-title=\"marche de noel 2021 12\" data-e-action-hash=\"#elementor-action%3Aaction%3Dlightbox%26settings%3DeyJpZCI6NTI1MywidXJsIjoiaHR0cHM6XC9cL2ZvbmRhdGlvbmxhdHJhdmVyc2VlLmNvbVwvd3AtY29udGVudFwvdXBsb2Fkc1wvMjAyMVwvMTJcL21hcmNoZS1kZS1ub2VsLTIwMjEtMTItc2NhbGVkLmpwZyIsInNsaWRlc2hvdyI6IjM3YWYxYjMifQ%3D%3D\">\n\t\t\t\t\t<div class=\"e-gallery-image elementor-gallery-item__image\" data-thumbnail=\"https:\/\/fondationlatraversee.com\/wp-content\/uploads\/2021\/12\/marche-de-noel-2021-12-300x146.jpg\" data-width=\"300\" data-height=\"146\" aria-label=\"March\u00e9 de No\u00ebl 2021 - 12\" role=\"img\" ><\/div>\n\t\t\t\t\t\t\t\t\t\t\t<div class=\"elementor-gallery-item__overlay\"><\/div>\n\t\t\t\t\t\t\t\t\t\t\t\t\t\t<\/a>\n\t\t\t\t\t<\/div>\n\t\t\t\t\t<\/div>\n\t\t\t\t<\/div>\n\t\t\t\t\t<\/div>\n\t\t<\/div>\n\t\t\t\t\t<\/div>\n\t\t<\/section>\n\t\t\t\t<\/div>\n\t\t","protected":false},"excerpt":{"rendered":"<p>We are very pleased to present the results of our second poinsettia and tree sale, as well as our first Christmas Market held on the 3rd, 4th and 5th of December 2021. It is with a heart full of joy and gratitude that we announce that this weekend&#8217;s sales brought in a total amount of&#8230;<\/p>\n","protected":false},"author":10,"featured_media":5144,"comment_status":"closed","ping_status":"closed","sticky":false,"template":"","format":"image","meta":{"footnotes":""},"categories":[53],"tags":[],"class_list":["post-5258","post","type-post","status-publish","format-image","has-post-thumbnail","hentry","category-past-events","post_format-post-format-image"],"aioseo_notices":[],"_links":{"self":[{"href":"https:\/\/fondationlatraversee.com\/en\/wp-json\/wp\/v2\/posts\/5258","targetHints":{"allow":["GET"]}}],"collection":[{"href":"https:\/\/fondationlatraversee.com\/en\/wp-json\/wp\/v2\/posts"}],"about":[{"href":"https:\/\/fondationlatraversee.com\/en\/wp-json\/wp\/v2\/types\/post"}],"author":[{"embeddable":true,"href":"https:\/\/fondationlatraversee.com\/en\/wp-json\/wp\/v2\/users\/10"}],"replies":[{"embeddable":true,"href":"https:\/\/fondationlatraversee.com\/en\/wp-json\/wp\/v2\/comments?post=5258"}],"version-history":[{"count":10,"href":"https:\/\/fondationlatraversee.com\/en\/wp-json\/wp\/v2\/posts\/5258\/revisions"}],"predecessor-version":[{"id":5269,"href":"https:\/\/fondationlatraversee.com\/en\/wp-json\/wp\/v2\/posts\/5258\/revisions\/5269"}],"wp:featuredmedia":[{"embeddable":true,"href":"https:\/\/fondationlatraversee.com\/en\/wp-json\/wp\/v2\/media\/5144"}],"wp:attachment":[{"href":"https:\/\/fondationlatraversee.com\/en\/wp-json\/wp\/v2\/media?parent=5258"}],"wp:term":[{"taxonomy":"category","embeddable":true,"href":"https:\/\/fondationlatraversee.com\/en\/wp-json\/wp\/v2\/categories?post=5258"},{"taxonomy":"post_tag","embeddable":true,"href":"https:\/\/fondationlatraversee.com\/en\/wp-json\/wp\/v2\/tags?post=5258"}],"curies":[{"name":"wp","href":"https:\/\/api.w.org\/{rel}","templated":true}]}}